{"id":88308,"date":"2026-09-03T10:29:23","date_gmt":"2026-09-03T08:29:23","guid":{"rendered":"https:\/\/andaluciafilm.com\/?p=88308"},"modified":"2026-09-03T10:29:23","modified_gmt":"2026-09-03T08:29:23","slug":"aamma-y-andalucia-film-commission-impulsan-proyectos-audiovisuales-liderados-por-mujeres-en-generamma","status":"publish","type":"post","link":"https:\/\/andaluciafilm.com\/en\/aamma-y-andalucia-film-commission-impulsan-proyectos-audiovisuales-liderados-por-mujeres-en-generamma\/","title":{"rendered":"AAMMA y Andaluc\u00eda Film Commission impulsan proyectos audiovisuales liderados por mujeres en GENERAMMA"},"content":{"rendered":"<p><span style=\"font-weight: 400;\">Andaluc\u00eda Film Commission y la Asociaci\u00f3n Andaluza de Mujeres de los Medios Audiovisuales (AAMMA) han firmado por primera vez un convenio de colaboraci\u00f3n para impulsar el desarrollo de proyectos audiovisuales liderados por mujeres en el marco de la sexta edici\u00f3n de GENERAMMA.<\/span><\/p>\n<p><span style=\"font-weight: 400;\">La firma ha tenido lugar en el Espacio Marqu\u00e9s de Contadero de Sevilla, durante el acto de presentaci\u00f3n de las novedades de la pr\u00f3xima edici\u00f3n del festival. En el encuentro han participado Pilar Crespo, presidenta de AAMMA; Piluca Querol, directora de Andaluc\u00eda Film Commission; Jos\u00e9 Lucas Chaves, director territorial de SGAE en Andaluc\u00eda, Canarias, Ceuta y Melilla; y Marta Velasco, presidenta de la Academia de Cine de Andaluc\u00eda.<\/span><\/p>\n<p><span style=\"font-weight: 400;\">Aunque ambas entidades ya hab\u00edan colaborado anteriormente, este primer convenio establece un nuevo marco de trabajo conjunto que permitir\u00e1 desarrollar en GENERAMMA una sesi\u00f3n de mentor\u00edas personalizadas destinada a apoyar la producci\u00f3n y el desarrollo de proyectos impulsados por las socias de AAMMA.<\/span><\/p>\n<p><span style=\"font-weight: 400;\">La convocatoria se abri\u00f3 a todas las integrantes de la asociaci\u00f3n que contaran con un proyecto en cualquiera de sus fases de desarrollo. Entre las propuestas presentadas se han seleccionado seis proyectos, que tendr\u00e1n la oportunidad de recibir orientaci\u00f3n especializada por parte de Cristina G\u00f3mez, presidenta de la Federaci\u00f3n Pantalla y directora ejecutiva de Atl\u00e0ntida Mallorca Film Fest, y Margaret von Schiller, profesional con una dilatada trayectoria internacional en programaci\u00f3n de festivales y desarrollo de proyectos.<\/span><\/p>\n<p><span style=\"font-weight: 400;\">Los proyectos seleccionados para participar en las mentor\u00edas son:<\/span><\/p>\n<ul>\n<li style=\"font-weight: 400;\" aria-level=\"1\"><i><span style=\"font-weight: 400;\">El Pabell\u00f3n de las Flores<\/span><\/i><span style=\"font-weight: 400;\">, de Silvia Giner.<\/span><\/li>\n<li style=\"font-weight: 400;\" aria-level=\"1\"><i><span style=\"font-weight: 400;\">Hasta que la muerte los junte<\/span><\/i><span style=\"font-weight: 400;\">, de Natalia M\u00e9rida.<\/span><\/li>\n<li style=\"font-weight: 400;\" aria-level=\"1\"><i><span style=\"font-weight: 400;\">Las Videolaidys<\/span><\/i><span style=\"font-weight: 400;\">, de Helena Castilla L\u00f3pez.<\/span><\/li>\n<li style=\"font-weight: 400;\" aria-level=\"1\"><i><span style=\"font-weight: 400;\">Stella Maris<\/span><\/i><span style=\"font-weight: 400;\">, de Laura Mu\u00f1oz Lia\u00f1o.<\/span><\/li>\n<li style=\"font-weight: 400;\" aria-level=\"1\"><i><span style=\"font-weight: 400;\">Satanama<\/span><\/i><span style=\"font-weight: 400;\">, cortometraje de Elsa Liliana Velandia.<\/span><\/li>\n<li style=\"font-weight: 400;\" aria-level=\"1\"><i><span style=\"font-weight: 400;\">Festival de Cine con acento<\/span><\/i><span style=\"font-weight: 400;\">, proyecto de Mar\u00eda Espejo que este a\u00f1o celebra su cuarta edici\u00f3n.<\/span><\/li>\n<\/ul>\n<p><span style=\"font-weight: 400;\">La actividad ofrecer\u00e1 un espacio para presentar sus propuestas, analizar sus necesidades y recibir asesoramiento sobre su desarrollo y sus posibilidades de conexi\u00f3n con la industria y otros mercados. La iniciativa busca contribuir al fortalecimiento de la producci\u00f3n audiovisual desde Andaluc\u00eda y favorecer que los proyectos de las creadoras andaluzas encuentren nuevas oportunidades de crecimiento y visibilidad.<\/span><\/p>\n<p><i><span style=\"font-weight: 400;\">\u201cDesde Andaluc\u00eda Film Commission participamos en mercados y encuentros de la industria audiovisual y propusimos a GENERAMMA una actividad para reforzar la producci\u00f3n desde Andaluc\u00eda\u201d<\/span><\/i><span style=\"font-weight: 400;\">, ha explicado la directora de AFC, Piluca Querol. <\/span><i><span style=\"font-weight: 400;\">\u201cAdem\u00e1s de impulsar la internacionalizaci\u00f3n, en AFC acompa\u00f1amos proyectos durante su desarrollo, fortalecemos sus v\u00ednculos con otros mercados y promovemos acciones para darles visibilidad internacional. Confiamos en que la presentaci\u00f3n de proyectos y la sesi\u00f3n de mentor\u00edas contribuyan a apoyar e impulsar la producci\u00f3n y el desarrollo de los proyectos de las creadoras andaluzas\u201d<\/span><\/i><span style=\"font-weight: 400;\">, ha a\u00f1adido.<\/span><\/p>\n<p><span style=\"font-weight: 400;\">Margaret von Schiller cuenta con m\u00e1s de cuarenta a\u00f1os de experiencia en el sector audiovisual internacional. Su trayectoria abarca la producci\u00f3n, la programaci\u00f3n, la selecci\u00f3n y el desarrollo de proyectos, y durante casi dos d\u00e9cadas estuvo vinculada a la secci\u00f3n Panorama de la Berlinale. Tambi\u00e9n ha colaborado con el Festival de Cine Europeo de Sevilla y ha dirigido el Almer\u00eda Western Film Festival. En la actualidad contin\u00faa acompa\u00f1ando a cineastas y nuevos talentos como asesora, mentora y miembro de jurados.<\/span><\/p>\n<p><span style=\"font-weight: 400;\">Por su parte, Cristina G\u00f3mez combina su experiencia en la industria audiovisual con una amplia trayectoria en innovaci\u00f3n, gesti\u00f3n cultural, cooperaci\u00f3n y promoci\u00f3n del talento femenino. Desde 2016 trabaja en la producci\u00f3n de Atl\u00e0ntida Mallorca Film Fest, impulsado por Filmin y convertido en un referente europeo por su combinaci\u00f3n de programaci\u00f3n presencial y exhibici\u00f3n en l\u00ednea. Como presidenta de Pantalla, representa adem\u00e1s a una federaci\u00f3n integrada por m\u00e1s de 180 festivales y muestras cinematogr\u00e1ficas de todo el pa\u00eds.<\/span><\/p>\n<p><span style=\"font-weight: 400;\">La participaci\u00f3n de ambas profesionales permitir\u00e1 acercar a las creadoras distintas perspectivas sobre el desarrollo de proyectos y el papel de los festivales como espacios de encuentro profesional, circulaci\u00f3n de obras y conexi\u00f3n entre el talento, la industria y el territorio.<\/span><\/p>\n<p><span style=\"font-weight: 400;\">La presencia de Andaluc\u00eda Film Commission en GENERAMMA se completar\u00e1 con la participaci\u00f3n de Cristina G\u00f3mez y Margaret von Schiller en un encuentro dedicado a la organizaci\u00f3n y programaci\u00f3n de festivales de cine. Asimismo, Piluca Querol intervendr\u00e1 en una mesa redonda junto a otras representantes de organizaciones del audiovisual andaluz para reflexionar sobre la industria en su camino hacia la igualdad real.<\/span><\/p>\n<p><span style=\"font-weight: 400;\">Con este convenio, Andaluc\u00eda Film Commission ampl\u00eda su compromiso con el fortalecimiento del tejido audiovisual andaluz y con la creaci\u00f3n de espacios de formaci\u00f3n, intercambio de conocimientos y generaci\u00f3n de redes profesionales. La colaboraci\u00f3n con AAMMA permitir\u00e1 contribuir a que GENERAMMA contin\u00fae consolid\u00e1ndose desde Chiclana como un punto de encuentro para las mujeres del audiovisual y como un espacio desde el que promover una industria m\u00e1s diversa.<\/span><\/p>\n","protected":false},"excerpt":{"rendered":"<p>Andaluc\u00eda Film Commission y la Asociaci\u00f3n Andaluza de Mujeres de los Medios Audiovisuales (AAMMA) han firmado por primera vez un convenio de colaboraci\u00f3n para impulsar el desarrollo de proyectos audiovisuales liderados por mujeres en el marco de la sexta edici\u00f3n de GENERAMMA. La firma ha tenido lugar en el Espacio Marqu\u00e9s de Contadero de Sevilla, [&hellip;]<\/p>\n","protected":false},"author":2299,"featured_media":88309,"comment_status":"closed","ping_status":"open","sticky":false,"template":"","format":"standard","meta":{"_seopress_titles_title":"","_seopress_titles_desc":"","_seopress_robots_index":"","_seopress_robots_follow":"","_seopress_robots_imageindex":"","_seopress_robots_snippet":"","_seopress_robots_primary_cat":"","_seopress_robots_breadcrumbs":"","_seopress_robots_freeze_modified_date":"","_seopress_robots_custom_modified_date":"","_seopress_robots_canonical":"","_seopress_social_fb_title":"","_seopress_social_fb_desc":"","_seopress_social_fb_img":"","_seopress_social_fb_img_attachment_id":0,"_seopress_social_fb_img_width":0,"_seopress_social_fb_img_height":0,"_seopress_social_twitter_title":"","_seopress_social_twitter_desc":"","_seopress_social_twitter_img":"","_seopress_social_twitter_img_attachment_id":0,"_seopress_social_twitter_img_width":0,"_seopress_social_twitter_img_height":0,"_seopress_redirections_value":"","_seopress_redirections_enabled":"","_seopress_redirections_enabled_regex":"","_seopress_redirections_logged_status":"","_seopress_redirections_param":"","_seopress_redirections_type":0,"_seopress_analysis_target_kw":"","_seopress_news_disabled":"","_seopress_video_disabled":"","_seopress_video":[],"_seopress_pro_schemas_manual":[],"_seopress_pro_rich_snippets_disable_all":"","_seopress_pro_rich_snippets_disable":[],"_seopress_pro_schemas":[],"footnotes":""},"categories":[1],"tags":[],"class_list":["post-88308","post","type-post","status-publish","format-standard","has-post-thumbnail","hentry","category-noticias"],"_links":{"self":[{"href":"https:\/\/andaluciafilm.com\/en\/wp-json\/wp\/v2\/posts\/88308","targetHints":{"allow":["GET"]}}],"collection":[{"href":"https:\/\/andaluciafilm.com\/en\/wp-json\/wp\/v2\/posts"}],"about":[{"href":"https:\/\/andaluciafilm.com\/en\/wp-json\/wp\/v2\/types\/post"}],"author":[{"embeddable":true,"href":"https:\/\/andaluciafilm.com\/en\/wp-json\/wp\/v2\/users\/2299"}],"replies":[{"embeddable":true,"href":"https:\/\/andaluciafilm.com\/en\/wp-json\/wp\/v2\/comments?post=88308"}],"version-history":[{"count":1,"href":"https:\/\/andaluciafilm.com\/en\/wp-json\/wp\/v2\/posts\/88308\/revisions"}],"predecessor-version":[{"id":88311,"href":"https:\/\/andaluciafilm.com\/en\/wp-json\/wp\/v2\/posts\/88308\/revisions\/88311"}],"wp:featuredmedia":[{"embeddable":true,"href":"https:\/\/andaluciafilm.com\/en\/wp-json\/wp\/v2\/media\/88309"}],"wp:attachment":[{"href":"https:\/\/andaluciafilm.com\/en\/wp-json\/wp\/v2\/media?parent=88308"}],"wp:term":[{"taxonomy":"category","embeddable":true,"href":"https:\/\/andaluciafilm.com\/en\/wp-json\/wp\/v2\/categories?post=88308"},{"taxonomy":"post_tag","embeddable":true,"href":"https:\/\/andaluciafilm.com\/en\/wp-json\/wp\/v2\/tags?post=88308"}],"curies":[{"name":"wp","href":"https:\/\/api.w.org\/{rel}","templated":true}]}}